{"id":2439,"date":"2020-05-12T00:00:00","date_gmt":"2020-05-12T00:00:00","guid":{"rendered":"https:\/\/70.32.23.59\/~libdot\/2020\/09\/07\/adapting-your-workspaces-to-covid-19-part-2\/"},"modified":"2020-12-04T16:35:51","modified_gmt":"2020-12-04T16:35:51","slug":"adapting-your-workspaces-to-covid-19-part-2","status":"publish","type":"post","link":"https:\/\/www.lib.space\/en\/adapting-your-workspaces-to-covid-19-part-2\/","title":{"rendered":"Adapting your workspaces to COVID-19 &#8211; part 2"},"content":{"rendered":"<p>To help you prepare for a safe return to work, Lib. has gathered the main recommendations for the physical layout of your workspaces in a first article which you can <a href=\"https:\/\/www.lib.space\/adapting-your-workspaces-to-covid-19-part-1\/\" target=\"_blank\" rel=\"noopener noreferrer\">read here<\/a>.<\/p>\n<p>In this second part, Lib. offers other recommendations and basic rules to put in place to minimize the risk of contamination and the spread of the virus among your employees.<\/p>\n<figure><img loading=\"lazy\" class=\"aligncenter wp-image-2510 size-full\" src=\"https:\/\/www.lib.space\/wp-content\/uploads\/2020\/05\/adapting-your-workspaces-to-covid-19-part-2.jpg\" alt=\"\" width=\"772\" height=\"1000\" srcset=\"https:\/\/www.lib.space\/wp-content\/uploads\/2020\/05\/adapting-your-workspaces-to-covid-19-part-2.jpg 772w, https:\/\/www.lib.space\/wp-content\/uploads\/2020\/05\/adapting-your-workspaces-to-covid-19-part-2-232x300.jpg 232w, https:\/\/www.lib.space\/wp-content\/uploads\/2020\/05\/adapting-your-workspaces-to-covid-19-part-2-768x995.jpg 768w\" sizes=\"(max-width: 772px) 100vw, 772px\" \/><\/figure>\n<h2><strong>The adaptations to be implemented in the workspaces:<\/strong><\/h2>\n<h3>Staying in touch with workers<\/h3>\n<p>Equip your existing meeting or training rooms with devices for videoconferencing or create a new office area (think of adequate furniture, audiovisual equipment required depending on quality, acoustics, lighting). Virtual meetings will become very important for the collaboration and cohesion of your remote team.<\/p>\n<h3>Reduce densification<\/h3>\n<p>You can set up a rotation between your employees (when working at the office and when working from home) to reduce the number of people present at your premises at the same time. For employees present at the office, establish staggered schedules: work \/ breaks \/ lunch to limit the number of people in the cafeteria and common areas at a given time.<\/p>\n<p>In addition, you can restrict access to floors or certain areas by implementing an access card system. For stairs and\/or elevators (if there are at least two), assign one to descend and the other to ascend.<\/p>\n<h3>Install appropriate signage<\/h3>\n<p>Using a floor and\/or wall signage program, organize movement within your office to encourage employees to always move to the right (clockwise). In addition, install signs at strategic locations (all entrances, common areas, toilets, cafeteria, etc.) indicating the instructions to be followed. If possible, delimit an area 6 feet in diameter for each workstation by installing an indication on the ground.<\/p>\n<h3>Avoid the spread<\/h3>\n<p>Ideally, you should adapt everything that will be touched by employees (switches, thermostats, door handles, blinds, etc.) using <a href=\"http:\/\/www.nanoseptic.com\/\">NanoSeptic&#x2122; skins <\/a>or a handless door opening system and contact-less sanitary accessories.<\/p>\n<p>Remove any common items that can be manipulated by more than one person, such as magazines or promotional products.<\/p>\n<p>Modify the ventilation system (fresh air intake, non-recycled + HEPA filters) or add air purifiers in strategic places.<\/p>\n<h3>Put disinfecting measures in place<\/h3>\n<p>Set up disinfectant stations and disinfectant wipe dispensers at strategic locations on your premises and make sure employees disinfect the places they touch after each use. Also, plan for more frequent and more thorough general housekeeping. To facilitate this large regular cleaning, ask your employees to remove all their personal or unnecessary accessories from their workspace.<\/p>\n<p>Promote regular handwashing and make it mandatory before and after using common areas.<\/p>\n<h3>Establish good communication<\/h3>\n<p>Your employees face a lot of uncertainty and have to adapt quickly which can cause stress for some people. Establish effective communication with your team such as weekly meetings via videoconference to keep them informed and collect their questions.<\/p>\n<p><a href=\"https:\/\/www.lib.space\/en\/contact\/\" target=\"_blank\" rel=\"noopener noreferrer\">Contact Lib.<\/a> for a turnkey service to adapt your workspaces to COVID-19! You can also consult their free documentation page where you will find guides, posters and checklists.<\/p>\n\n\n<p><\/p>\n","protected":false},"excerpt":{"rendered":"<p>To help you prepare for a safe return to work, Lib. has gathered the main recommendations for the physical layout of your workspaces.<\/p>\n","protected":false},"author":2,"featured_media":3191,"comment_status":"open","ping_status":"closed","sticky":false,"template":"","format":"standard","meta":[],"categories":[1],"tags":[],"yoast_head":"<!-- This site is optimized with the Yoast SEO plugin v16.8 - https:\/\/yoast.com\/wordpress\/plugins\/seo\/ -->\n<title>Adapting your workspaces to COVID-19 - part 2 - lib.space<\/title>\n<meta name=\"robots\" content=\"index, follow, max-snippet:-1, max-image-preview:large, max-video-preview:-1\" \/>\n<link rel=\"canonical\" href=\"https:\/\/www.lib.space\/en\/adapting-your-workspaces-to-covid-19-part-2\/\" \/>\n<meta property=\"og:locale\" content=\"en_US\" \/>\n<meta property=\"og:type\" content=\"article\" \/>\n<meta property=\"og:title\" content=\"Adapting your workspaces to COVID-19 - part 2 - lib.space\" \/>\n<meta property=\"og:description\" content=\"To help you prepare for a safe return to work, Lib. has gathered the main recommendations for the physical layout of your workspaces.\" \/>\n<meta property=\"og:url\" content=\"https:\/\/www.lib.space\/en\/adapting-your-workspaces-to-covid-19-part-2\/\" \/>\n<meta property=\"og:site_name\" content=\"lib.space\" \/>\n<meta property=\"article:published_time\" content=\"2020-05-12T00:00:00+00:00\" \/>\n<meta property=\"article:modified_time\" content=\"2020-12-04T16:35:51+00:00\" \/>\n<meta property=\"og:image\" content=\"https:\/\/www.lib.space\/wp-content\/uploads\/2020\/05\/20-05-12.jpg\" \/>\n\t<meta property=\"og:image:width\" content=\"2000\" \/>\n\t<meta property=\"og:image:height\" content=\"2000\" \/>\n<meta name=\"twitter:card\" content=\"summary_large_image\" \/>\n<meta name=\"twitter:label1\" content=\"Written by\" \/>\n\t<meta name=\"twitter:data1\" content=\"malabarre\" \/>\n\t<meta name=\"twitter:label2\" content=\"Est. reading time\" \/>\n\t<meta name=\"twitter:data2\" content=\"2 minutes\" \/>\n<script type=\"application\/ld+json\" class=\"yoast-schema-graph\">{\"@context\":\"https:\/\/schema.org\",\"@graph\":[{\"@type\":\"WebSite\",\"@id\":\"https:\/\/www.lib.space\/#website\",\"url\":\"https:\/\/www.lib.space\/\",\"name\":\"lib.space\",\"description\":\"Am\\u00e9nagement de bureau | Montr\\u00e9al | Strat\\u00e9gie, Design, Contruction\",\"potentialAction\":[{\"@type\":\"SearchAction\",\"target\":{\"@type\":\"EntryPoint\",\"urlTemplate\":\"https:\/\/www.lib.space\/?s={search_term_string}\"},\"query-input\":\"required name=search_term_string\"}],\"inLanguage\":\"en-US\"},{\"@type\":\"ImageObject\",\"@id\":\"https:\/\/www.lib.space\/en\/adapting-your-workspaces-to-covid-19-part-2\/#primaryimage\",\"inLanguage\":\"en-US\",\"url\":\"https:\/\/www.lib.space\/wp-content\/uploads\/2020\/05\/20-05-12.jpg\",\"contentUrl\":\"https:\/\/www.lib.space\/wp-content\/uploads\/2020\/05\/20-05-12.jpg\",\"width\":2000,\"height\":2000},{\"@type\":\"WebPage\",\"@id\":\"https:\/\/www.lib.space\/en\/adapting-your-workspaces-to-covid-19-part-2\/#webpage\",\"url\":\"https:\/\/www.lib.space\/en\/adapting-your-workspaces-to-covid-19-part-2\/\",\"name\":\"Adapting your workspaces to COVID-19 - part 2 - lib.space\",\"isPartOf\":{\"@id\":\"https:\/\/www.lib.space\/#website\"},\"primaryImageOfPage\":{\"@id\":\"https:\/\/www.lib.space\/en\/adapting-your-workspaces-to-covid-19-part-2\/#primaryimage\"},\"datePublished\":\"2020-05-12T00:00:00+00:00\",\"dateModified\":\"2020-12-04T16:35:51+00:00\",\"author\":{\"@id\":\"https:\/\/www.lib.space\/#\/schema\/person\/24f8718eea6e111abdfde11bfcca71c2\"},\"breadcrumb\":{\"@id\":\"https:\/\/www.lib.space\/en\/adapting-your-workspaces-to-covid-19-part-2\/#breadcrumb\"},\"inLanguage\":\"en-US\",\"potentialAction\":[{\"@type\":\"ReadAction\",\"target\":[\"https:\/\/www.lib.space\/en\/adapting-your-workspaces-to-covid-19-part-2\/\"]}]},{\"@type\":\"BreadcrumbList\",\"@id\":\"https:\/\/www.lib.space\/en\/adapting-your-workspaces-to-covid-19-part-2\/#breadcrumb\",\"itemListElement\":[{\"@type\":\"ListItem\",\"position\":1,\"name\":\"Home\",\"item\":\"https:\/\/www.lib.space\/en\/\"},{\"@type\":\"ListItem\",\"position\":2,\"name\":\"Adapting your workspaces to COVID-19 &#8211; part 2\"}]},{\"@type\":\"Person\",\"@id\":\"https:\/\/www.lib.space\/#\/schema\/person\/24f8718eea6e111abdfde11bfcca71c2\",\"name\":\"malabarre\",\"url\":\"https:\/\/www.lib.space\/en\/author\/malabarre\/\"}]}<\/script>\n<!-- \/ Yoast SEO plugin. -->","yoast_head_json":{"title":"Adapting your workspaces to COVID-19 - part 2 - lib.space","robots":{"index":"index","follow":"follow","max-snippet":"max-snippet:-1","max-image-preview":"max-image-preview:large","max-video-preview":"max-video-preview:-1"},"canonical":"https:\/\/www.lib.space\/en\/adapting-your-workspaces-to-covid-19-part-2\/","og_locale":"en_US","og_type":"article","og_title":"Adapting your workspaces to COVID-19 - part 2 - lib.space","og_description":"To help you prepare for a safe return to work, Lib. has gathered the main recommendations for the physical layout of your workspaces.","og_url":"https:\/\/www.lib.space\/en\/adapting-your-workspaces-to-covid-19-part-2\/","og_site_name":"lib.space","article_published_time":"2020-05-12T00:00:00+00:00","article_modified_time":"2020-12-04T16:35:51+00:00","og_image":[{"width":2000,"height":2000,"url":"https:\/\/www.lib.space\/wp-content\/uploads\/2020\/05\/20-05-12.jpg","path":"\/home\/lib\/htdocs\/www.lib.space\/wp-content\/uploads\/2020\/05\/20-05-12.jpg","size":"full","id":3191,"alt":"","pixels":4000000,"type":"image\/jpeg"}],"twitter_card":"summary_large_image","twitter_misc":{"Written by":"malabarre","Est. reading time":"2 minutes"},"schema":{"@context":"https:\/\/schema.org","@graph":[{"@type":"WebSite","@id":"https:\/\/www.lib.space\/#website","url":"https:\/\/www.lib.space\/","name":"lib.space","description":"Am\u00e9nagement de bureau | Montr\u00e9al | Strat\u00e9gie, Design, Contruction","potentialAction":[{"@type":"SearchAction","target":{"@type":"EntryPoint","urlTemplate":"https:\/\/www.lib.space\/?s={search_term_string}"},"query-input":"required name=search_term_string"}],"inLanguage":"en-US"},{"@type":"ImageObject","@id":"https:\/\/www.lib.space\/en\/adapting-your-workspaces-to-covid-19-part-2\/#primaryimage","inLanguage":"en-US","url":"https:\/\/www.lib.space\/wp-content\/uploads\/2020\/05\/20-05-12.jpg","contentUrl":"https:\/\/www.lib.space\/wp-content\/uploads\/2020\/05\/20-05-12.jpg","width":2000,"height":2000},{"@type":"WebPage","@id":"https:\/\/www.lib.space\/en\/adapting-your-workspaces-to-covid-19-part-2\/#webpage","url":"https:\/\/www.lib.space\/en\/adapting-your-workspaces-to-covid-19-part-2\/","name":"Adapting your workspaces to COVID-19 - part 2 - lib.space","isPartOf":{"@id":"https:\/\/www.lib.space\/#website"},"primaryImageOfPage":{"@id":"https:\/\/www.lib.space\/en\/adapting-your-workspaces-to-covid-19-part-2\/#primaryimage"},"datePublished":"2020-05-12T00:00:00+00:00","dateModified":"2020-12-04T16:35:51+00:00","author":{"@id":"https:\/\/www.lib.space\/#\/schema\/person\/24f8718eea6e111abdfde11bfcca71c2"},"breadcrumb":{"@id":"https:\/\/www.lib.space\/en\/adapting-your-workspaces-to-covid-19-part-2\/#breadcrumb"},"inLanguage":"en-US","potentialAction":[{"@type":"ReadAction","target":["https:\/\/www.lib.space\/en\/adapting-your-workspaces-to-covid-19-part-2\/"]}]},{"@type":"BreadcrumbList","@id":"https:\/\/www.lib.space\/en\/adapting-your-workspaces-to-covid-19-part-2\/#breadcrumb","itemListElement":[{"@type":"ListItem","position":1,"name":"Home","item":"https:\/\/www.lib.space\/en\/"},{"@type":"ListItem","position":2,"name":"Adapting your workspaces to COVID-19 &#8211; part 2"}]},{"@type":"Person","@id":"https:\/\/www.lib.space\/#\/schema\/person\/24f8718eea6e111abdfde11bfcca71c2","name":"malabarre","url":"https:\/\/www.lib.space\/en\/author\/malabarre\/"}]}},"_links":{"self":[{"href":"https:\/\/www.lib.space\/en\/wp-json\/wp\/v2\/posts\/2439"}],"collection":[{"href":"https:\/\/www.lib.space\/en\/wp-json\/wp\/v2\/posts"}],"about":[{"href":"https:\/\/www.lib.space\/en\/wp-json\/wp\/v2\/types\/post"}],"author":[{"embeddable":true,"href":"https:\/\/www.lib.space\/en\/wp-json\/wp\/v2\/users\/2"}],"replies":[{"embeddable":true,"href":"https:\/\/www.lib.space\/en\/wp-json\/wp\/v2\/comments?post=2439"}],"version-history":[{"count":8,"href":"https:\/\/www.lib.space\/en\/wp-json\/wp\/v2\/posts\/2439\/revisions"}],"predecessor-version":[{"id":3564,"href":"https:\/\/www.lib.space\/en\/wp-json\/wp\/v2\/posts\/2439\/revisions\/3564"}],"wp:featuredmedia":[{"embeddable":true,"href":"https:\/\/www.lib.space\/en\/wp-json\/wp\/v2\/media\/3191"}],"wp:attachment":[{"href":"https:\/\/www.lib.space\/en\/wp-json\/wp\/v2\/media?parent=2439"}],"wp:term":[{"taxonomy":"category","embeddable":true,"href":"https:\/\/www.lib.space\/en\/wp-json\/wp\/v2\/categories?post=2439"},{"taxonomy":"post_tag","embeddable":true,"href":"https:\/\/www.lib.space\/en\/wp-json\/wp\/v2\/tags?post=2439"}],"curies":[{"name":"wp","href":"https:\/\/api.w.org\/{rel}","templated":true}]}}